{"id":609,"date":"2025-08-26T11:06:56","date_gmt":"2025-08-26T09:06:56","guid":{"rendered":"https:\/\/wheelcome.net\/?p=609"},"modified":"2025-09-04T11:10:47","modified_gmt":"2025-09-04T09:10:47","slug":"et-si-leconomie-sinteressait-a-laccessibilite","status":"publish","type":"post","link":"https:\/\/wheelcome.net\/index.php\/2025\/08\/26\/et-si-leconomie-sinteressait-a-laccessibilite\/","title":{"rendered":"Et si l&rsquo;\u00e9conomie s&rsquo;int\u00e9ressait \u00e0 l&rsquo;accessibilit\u00e9 ?"},"content":{"rendered":"\n<p>Cette semaine, c\u2019est la rentr\u00e9e de l\u2019\u00e9conomie fran\u00e7aise &amp; je suis en col\u00e8re \ud83d\ude24.<br>\ud83c\udfa4 d\u2019un c\u00f4t\u00e9, LAREF25 <a href=\"https:\/\/www.linkedin.com\/company\/laref\/\">La Rencontre des Entrepreneurs de France<\/a> organis\u00e9e par le <a href=\"https:\/\/www.linkedin.com\/company\/medef\/\">Mouvement des Entreprises de France<\/a>.<br>\ud83c\udfa4 de l\u2019autre, <a href=\"https:\/\/www.linkedin.com\/search\/results\/all\/?keywords=%23ued25&amp;origin=HASH_TAG_FROM_FEED\">UED25<\/a> les Universit\u00e9s d\u2019\u00e9t\u00e9 de l\u2019\u00e9conomie de demain port\u00e9es par le <a href=\"https:\/\/www.linkedin.com\/company\/mouvement-impact-france\/\">Mouvement Impact France<\/a>.<br><br>Deux rendez-vous incontournables : dirigeants, entrepreneurs, investisseurs, d\u00e9cideurs publics, experts, politiques\u2026 bref, toutes celles et ceux qui orientent les priorit\u00e9s et les transformations de notre \u00e9conomie.<br><br>Et pourtant, en lisant les programmes, une fois de plus, un constat me frappe :<br>PAS UN MOT SUR L\u2019ACCESSIBILIT\u00c9 ! Pas une conf\u00e9rence, pas une table ronde, pas une intervention. RIEN.<br><br>Je trouve \u00e7a grave.<br><br>Comment peut-on pr\u00e9tendre pr\u00e9parer l\u2019\u00e9conomie de demain si on oublie une partie de la soci\u00e9t\u00e9 ?<br>Comment parler d\u2019innovation, de transition, de croissance, si les produits et services qui en sortent ne sont pas con\u00e7us pour \u00eatre accessibles \u00e0 tous ?<br><br>L\u2019accessibilit\u00e9 n\u2019est pas un d\u00e9tail technique, c\u2019est une question de vision et de responsabilit\u00e9 :<br>&#8211; \u00e9conomique, parce qu\u2019un produit non accessible se prive de clients et de march\u00e9s.<br>&#8211; sociale, parce qu\u2019une soci\u00e9t\u00e9 qui exclut n\u2019est ni juste ni durable.<br>&#8211; strat\u00e9gique, parce qu\u2019une innovation qui oublie l\u2019accessibilit\u00e9 finit toujours par prendre du retard.<br><br>Le <a href=\"https:\/\/www.linkedin.com\/search\/results\/all\/?keywords=%23medef&amp;origin=HASH_TAG_FROM_FEED\">MEDEF<\/a> comme Impact France ont une responsabilit\u00e9 immense : orienter les d\u00e9bats, donner le ton, montrer ce qui compte vraiment. Et aujourd&rsquo;hui, ils passent \u00e0 c\u00f4t\u00e9 d\u2019un sujet majeur.<br>Il est urgent que \u00e7a change.<br><br>Parce que l\u2019\u00e9conomie de demain ne sera ni comp\u00e9titive, ni durable, si elle n\u2019est pas aussi accessible et inclusive. L&rsquo;ann\u00e9e prochaine, ne commettez plus cette erreur.<\/p>\n","protected":false},"excerpt":{"rendered":"<p>Cette semaine, c\u2019est la rentr\u00e9e de l\u2019\u00e9conomie fran\u00e7aise &#038; je suis en col\u00e8re \ud83d\ude24.<br \/>\n_ d\u2019un c\u00f4t\u00e9, LAREF25 La Rencontre des Entrepreneurs de France organis\u00e9e par le Mouvement des Entreprises de France.<br \/>\n_ de l\u2019autre, UED25 les Universit\u00e9s d\u2019\u00e9t\u00e9 de l\u2019\u00e9conomie de demain port\u00e9es par le Mouvement Impact France.<\/p>\n","protected":false},"author":2,"featured_media":610,"comment_status":"open","ping_status":"closed","sticky":false,"template":"","format":"standard","meta":{"footnotes":""},"categories":[11,44,14,13],"tags":[22,197,195,194,196],"class_list":["post-609","post","type-post","status-publish","format-standard","has-post-thumbnail","hentry","category-accessibilite","category-entreprise","category-politique","category-societe","tag-accessibilite","tag-economie","tag-laref","tag-medef","tag-ued25"],"yoast_head":"<!-- This site is optimized with the Yoast SEO plugin v26.6 - https:\/\/yoast.com\/wordpress\/plugins\/seo\/ -->\n<title>Et si l&#039;\u00e9conomie s&#039;int\u00e9ressait \u00e0 l&#039;accessibilit\u00e9 ? - Wheelcome<\/title>\n<meta name=\"robots\" content=\"index, follow, max-snippet:-1, max-image-preview:large, max-video-preview:-1\" \/>\n<link rel=\"canonical\" href=\"https:\/\/wheelcome.net\/index.php\/2025\/08\/26\/et-si-leconomie-sinteressait-a-laccessibilite\/\" \/>\n<meta property=\"og:locale\" content=\"fr_FR\" \/>\n<meta property=\"og:type\" content=\"article\" \/>\n<meta property=\"og:title\" content=\"Et si l&#039;\u00e9conomie s&#039;int\u00e9ressait \u00e0 l&#039;accessibilit\u00e9 ? - Wheelcome\" \/>\n<meta property=\"og:description\" content=\"Cette semaine, c\u2019est la rentr\u00e9e de l\u2019\u00e9conomie fran\u00e7aise &amp; je suis en col\u00e8re \ud83d\ude24. _ d\u2019un c\u00f4t\u00e9, LAREF25 La Rencontre des Entrepreneurs de France organis\u00e9e par le Mouvement des Entreprises de France. _ de l\u2019autre, UED25 les Universit\u00e9s d\u2019\u00e9t\u00e9 de l\u2019\u00e9conomie de demain port\u00e9es par le Mouvement Impact France.\" \/>\n<meta property=\"og:url\" content=\"https:\/\/wheelcome.net\/index.php\/2025\/08\/26\/et-si-leconomie-sinteressait-a-laccessibilite\/\" \/>\n<meta property=\"og:site_name\" content=\"Wheelcome\" \/>\n<meta property=\"article:published_time\" content=\"2025-08-26T09:06:56+00:00\" \/>\n<meta property=\"article:modified_time\" content=\"2025-09-04T09:10:47+00:00\" \/>\n<meta property=\"og:image\" content=\"https:\/\/wheelcome.net\/wp-content\/uploads\/2025\/09\/Titre-2.png\" \/>\n\t<meta property=\"og:image:width\" content=\"1200\" \/>\n\t<meta property=\"og:image:height\" content=\"1200\" \/>\n\t<meta property=\"og:image:type\" content=\"image\/png\" \/>\n<meta name=\"author\" content=\"wheelcome\" \/>\n<meta name=\"twitter:card\" content=\"summary_large_image\" \/>\n<meta name=\"twitter:label1\" content=\"\u00c9crit par\" \/>\n\t<meta name=\"twitter:data1\" content=\"wheelcome\" \/>\n\t<meta name=\"twitter:label2\" content=\"Dur\u00e9e de lecture estim\u00e9e\" \/>\n\t<meta name=\"twitter:data2\" content=\"2 minutes\" \/>\n<script type=\"application\/ld+json\" class=\"yoast-schema-graph\">{\"@context\":\"https:\/\/schema.org\",\"@graph\":[{\"@type\":\"Article\",\"@id\":\"https:\/\/wheelcome.net\/index.php\/2025\/08\/26\/et-si-leconomie-sinteressait-a-laccessibilite\/#article\",\"isPartOf\":{\"@id\":\"https:\/\/wheelcome.net\/index.php\/2025\/08\/26\/et-si-leconomie-sinteressait-a-laccessibilite\/\"},\"author\":{\"name\":\"wheelcome\",\"@id\":\"https:\/\/wheelcome.net\/#\/schema\/person\/a53109d0a00bd6770f7bc0c8e68e2e17\"},\"headline\":\"Et si l&rsquo;\u00e9conomie s&rsquo;int\u00e9ressait \u00e0 l&rsquo;accessibilit\u00e9 ?\",\"datePublished\":\"2025-08-26T09:06:56+00:00\",\"dateModified\":\"2025-09-04T09:10:47+00:00\",\"mainEntityOfPage\":{\"@id\":\"https:\/\/wheelcome.net\/index.php\/2025\/08\/26\/et-si-leconomie-sinteressait-a-laccessibilite\/\"},\"wordCount\":306,\"commentCount\":0,\"publisher\":{\"@id\":\"https:\/\/wheelcome.net\/#organization\"},\"image\":{\"@id\":\"https:\/\/wheelcome.net\/index.php\/2025\/08\/26\/et-si-leconomie-sinteressait-a-laccessibilite\/#primaryimage\"},\"thumbnailUrl\":\"https:\/\/wheelcome.net\/wp-content\/uploads\/2025\/09\/Titre-2.png\",\"keywords\":[\"accessibilit\u00e9\",\"\u00c9conomie\",\"laref\",\"medef\",\"ued25\"],\"articleSection\":[\"accessibilit\u00e9\",\"entreprise\",\"politique\",\"soci\u00e9t\u00e9\"],\"inLanguage\":\"fr-FR\",\"potentialAction\":[{\"@type\":\"CommentAction\",\"name\":\"Comment\",\"target\":[\"https:\/\/wheelcome.net\/index.php\/2025\/08\/26\/et-si-leconomie-sinteressait-a-laccessibilite\/#respond\"]}]},{\"@type\":\"WebPage\",\"@id\":\"https:\/\/wheelcome.net\/index.php\/2025\/08\/26\/et-si-leconomie-sinteressait-a-laccessibilite\/\",\"url\":\"https:\/\/wheelcome.net\/index.php\/2025\/08\/26\/et-si-leconomie-sinteressait-a-laccessibilite\/\",\"name\":\"Et si l'\u00e9conomie s'int\u00e9ressait \u00e0 l'accessibilit\u00e9 ? - Wheelcome\",\"isPartOf\":{\"@id\":\"https:\/\/wheelcome.net\/#website\"},\"primaryImageOfPage\":{\"@id\":\"https:\/\/wheelcome.net\/index.php\/2025\/08\/26\/et-si-leconomie-sinteressait-a-laccessibilite\/#primaryimage\"},\"image\":{\"@id\":\"https:\/\/wheelcome.net\/index.php\/2025\/08\/26\/et-si-leconomie-sinteressait-a-laccessibilite\/#primaryimage\"},\"thumbnailUrl\":\"https:\/\/wheelcome.net\/wp-content\/uploads\/2025\/09\/Titre-2.png\",\"datePublished\":\"2025-08-26T09:06:56+00:00\",\"dateModified\":\"2025-09-04T09:10:47+00:00\",\"breadcrumb\":{\"@id\":\"https:\/\/wheelcome.net\/index.php\/2025\/08\/26\/et-si-leconomie-sinteressait-a-laccessibilite\/#breadcrumb\"},\"inLanguage\":\"fr-FR\",\"potentialAction\":[{\"@type\":\"ReadAction\",\"target\":[\"https:\/\/wheelcome.net\/index.php\/2025\/08\/26\/et-si-leconomie-sinteressait-a-laccessibilite\/\"]}]},{\"@type\":\"ImageObject\",\"inLanguage\":\"fr-FR\",\"@id\":\"https:\/\/wheelcome.net\/index.php\/2025\/08\/26\/et-si-leconomie-sinteressait-a-laccessibilite\/#primaryimage\",\"url\":\"https:\/\/wheelcome.net\/wp-content\/uploads\/2025\/09\/Titre-2.png\",\"contentUrl\":\"https:\/\/wheelcome.net\/wp-content\/uploads\/2025\/09\/Titre-2.png\",\"width\":1200,\"height\":1200},{\"@type\":\"BreadcrumbList\",\"@id\":\"https:\/\/wheelcome.net\/index.php\/2025\/08\/26\/et-si-leconomie-sinteressait-a-laccessibilite\/#breadcrumb\",\"itemListElement\":[{\"@type\":\"ListItem\",\"position\":1,\"name\":\"Accueil\",\"item\":\"https:\/\/wheelcome.net\/\"},{\"@type\":\"ListItem\",\"position\":2,\"name\":\"Et si l&rsquo;\u00e9conomie s&rsquo;int\u00e9ressait \u00e0 l&rsquo;accessibilit\u00e9 ?\"}]},{\"@type\":\"WebSite\",\"@id\":\"https:\/\/wheelcome.net\/#website\",\"url\":\"https:\/\/wheelcome.net\/\",\"name\":\"Wheelcome\",\"description\":\"Les aventures de Charlotte de Vilmorin - une femme debout bien assise.\",\"publisher\":{\"@id\":\"https:\/\/wheelcome.net\/#organization\"},\"potentialAction\":[{\"@type\":\"SearchAction\",\"target\":{\"@type\":\"EntryPoint\",\"urlTemplate\":\"https:\/\/wheelcome.net\/?s={search_term_string}\"},\"query-input\":{\"@type\":\"PropertyValueSpecification\",\"valueRequired\":true,\"valueName\":\"search_term_string\"}}],\"inLanguage\":\"fr-FR\"},{\"@type\":\"Organization\",\"@id\":\"https:\/\/wheelcome.net\/#organization\",\"name\":\"Wheelcome\",\"url\":\"https:\/\/wheelcome.net\/\",\"logo\":{\"@type\":\"ImageObject\",\"inLanguage\":\"fr-FR\",\"@id\":\"https:\/\/wheelcome.net\/#\/schema\/logo\/image\/\",\"url\":\"https:\/\/wheelcome.net\/wp-content\/uploads\/2022\/07\/cropped-logo-wheelcome-1.png\",\"contentUrl\":\"https:\/\/wheelcome.net\/wp-content\/uploads\/2022\/07\/cropped-logo-wheelcome-1.png\",\"width\":1080,\"height\":1080,\"caption\":\"Wheelcome\"},\"image\":{\"@id\":\"https:\/\/wheelcome.net\/#\/schema\/logo\/image\/\"}},{\"@type\":\"Person\",\"@id\":\"https:\/\/wheelcome.net\/#\/schema\/person\/a53109d0a00bd6770f7bc0c8e68e2e17\",\"name\":\"wheelcome\",\"image\":{\"@type\":\"ImageObject\",\"inLanguage\":\"fr-FR\",\"@id\":\"https:\/\/wheelcome.net\/#\/schema\/person\/image\/\",\"url\":\"https:\/\/secure.gravatar.com\/avatar\/625e891e4addbda3431e85845827bfe8d2a2a5af91400f49d3751459a4f5b4f3?s=96&d=mm&r=g\",\"contentUrl\":\"https:\/\/secure.gravatar.com\/avatar\/625e891e4addbda3431e85845827bfe8d2a2a5af91400f49d3751459a4f5b4f3?s=96&d=mm&r=g\",\"caption\":\"wheelcome\"},\"url\":\"https:\/\/wheelcome.net\/index.php\/author\/wheelcome\/\"}]}<\/script>\n<!-- \/ Yoast SEO plugin. -->","yoast_head_json":{"title":"Et si l'\u00e9conomie s'int\u00e9ressait \u00e0 l'accessibilit\u00e9 ? - Wheelcome","robots":{"index":"index","follow":"follow","max-snippet":"max-snippet:-1","max-image-preview":"max-image-preview:large","max-video-preview":"max-video-preview:-1"},"canonical":"https:\/\/wheelcome.net\/index.php\/2025\/08\/26\/et-si-leconomie-sinteressait-a-laccessibilite\/","og_locale":"fr_FR","og_type":"article","og_title":"Et si l'\u00e9conomie s'int\u00e9ressait \u00e0 l'accessibilit\u00e9 ? - Wheelcome","og_description":"Cette semaine, c\u2019est la rentr\u00e9e de l\u2019\u00e9conomie fran\u00e7aise & je suis en col\u00e8re \ud83d\ude24. _ d\u2019un c\u00f4t\u00e9, LAREF25 La Rencontre des Entrepreneurs de France organis\u00e9e par le Mouvement des Entreprises de France. _ de l\u2019autre, UED25 les Universit\u00e9s d\u2019\u00e9t\u00e9 de l\u2019\u00e9conomie de demain port\u00e9es par le Mouvement Impact France.","og_url":"https:\/\/wheelcome.net\/index.php\/2025\/08\/26\/et-si-leconomie-sinteressait-a-laccessibilite\/","og_site_name":"Wheelcome","article_published_time":"2025-08-26T09:06:56+00:00","article_modified_time":"2025-09-04T09:10:47+00:00","og_image":[{"width":1200,"height":1200,"url":"https:\/\/wheelcome.net\/wp-content\/uploads\/2025\/09\/Titre-2.png","type":"image\/png"}],"author":"wheelcome","twitter_card":"summary_large_image","twitter_misc":{"\u00c9crit par":"wheelcome","Dur\u00e9e de lecture estim\u00e9e":"2 minutes"},"schema":{"@context":"https:\/\/schema.org","@graph":[{"@type":"Article","@id":"https:\/\/wheelcome.net\/index.php\/2025\/08\/26\/et-si-leconomie-sinteressait-a-laccessibilite\/#article","isPartOf":{"@id":"https:\/\/wheelcome.net\/index.php\/2025\/08\/26\/et-si-leconomie-sinteressait-a-laccessibilite\/"},"author":{"name":"wheelcome","@id":"https:\/\/wheelcome.net\/#\/schema\/person\/a53109d0a00bd6770f7bc0c8e68e2e17"},"headline":"Et si l&rsquo;\u00e9conomie s&rsquo;int\u00e9ressait \u00e0 l&rsquo;accessibilit\u00e9 ?","datePublished":"2025-08-26T09:06:56+00:00","dateModified":"2025-09-04T09:10:47+00:00","mainEntityOfPage":{"@id":"https:\/\/wheelcome.net\/index.php\/2025\/08\/26\/et-si-leconomie-sinteressait-a-laccessibilite\/"},"wordCount":306,"commentCount":0,"publisher":{"@id":"https:\/\/wheelcome.net\/#organization"},"image":{"@id":"https:\/\/wheelcome.net\/index.php\/2025\/08\/26\/et-si-leconomie-sinteressait-a-laccessibilite\/#primaryimage"},"thumbnailUrl":"https:\/\/wheelcome.net\/wp-content\/uploads\/2025\/09\/Titre-2.png","keywords":["accessibilit\u00e9","\u00c9conomie","laref","medef","ued25"],"articleSection":["accessibilit\u00e9","entreprise","politique","soci\u00e9t\u00e9"],"inLanguage":"fr-FR","potentialAction":[{"@type":"CommentAction","name":"Comment","target":["https:\/\/wheelcome.net\/index.php\/2025\/08\/26\/et-si-leconomie-sinteressait-a-laccessibilite\/#respond"]}]},{"@type":"WebPage","@id":"https:\/\/wheelcome.net\/index.php\/2025\/08\/26\/et-si-leconomie-sinteressait-a-laccessibilite\/","url":"https:\/\/wheelcome.net\/index.php\/2025\/08\/26\/et-si-leconomie-sinteressait-a-laccessibilite\/","name":"Et si l'\u00e9conomie s'int\u00e9ressait \u00e0 l'accessibilit\u00e9 ? - Wheelcome","isPartOf":{"@id":"https:\/\/wheelcome.net\/#website"},"primaryImageOfPage":{"@id":"https:\/\/wheelcome.net\/index.php\/2025\/08\/26\/et-si-leconomie-sinteressait-a-laccessibilite\/#primaryimage"},"image":{"@id":"https:\/\/wheelcome.net\/index.php\/2025\/08\/26\/et-si-leconomie-sinteressait-a-laccessibilite\/#primaryimage"},"thumbnailUrl":"https:\/\/wheelcome.net\/wp-content\/uploads\/2025\/09\/Titre-2.png","datePublished":"2025-08-26T09:06:56+00:00","dateModified":"2025-09-04T09:10:47+00:00","breadcrumb":{"@id":"https:\/\/wheelcome.net\/index.php\/2025\/08\/26\/et-si-leconomie-sinteressait-a-laccessibilite\/#breadcrumb"},"inLanguage":"fr-FR","potentialAction":[{"@type":"ReadAction","target":["https:\/\/wheelcome.net\/index.php\/2025\/08\/26\/et-si-leconomie-sinteressait-a-laccessibilite\/"]}]},{"@type":"ImageObject","inLanguage":"fr-FR","@id":"https:\/\/wheelcome.net\/index.php\/2025\/08\/26\/et-si-leconomie-sinteressait-a-laccessibilite\/#primaryimage","url":"https:\/\/wheelcome.net\/wp-content\/uploads\/2025\/09\/Titre-2.png","contentUrl":"https:\/\/wheelcome.net\/wp-content\/uploads\/2025\/09\/Titre-2.png","width":1200,"height":1200},{"@type":"BreadcrumbList","@id":"https:\/\/wheelcome.net\/index.php\/2025\/08\/26\/et-si-leconomie-sinteressait-a-laccessibilite\/#breadcrumb","itemListElement":[{"@type":"ListItem","position":1,"name":"Accueil","item":"https:\/\/wheelcome.net\/"},{"@type":"ListItem","position":2,"name":"Et si l&rsquo;\u00e9conomie s&rsquo;int\u00e9ressait \u00e0 l&rsquo;accessibilit\u00e9 ?"}]},{"@type":"WebSite","@id":"https:\/\/wheelcome.net\/#website","url":"https:\/\/wheelcome.net\/","name":"Wheelcome","description":"Les aventures de Charlotte de Vilmorin - une femme debout bien assise.","publisher":{"@id":"https:\/\/wheelcome.net\/#organization"},"potentialAction":[{"@type":"SearchAction","target":{"@type":"EntryPoint","urlTemplate":"https:\/\/wheelcome.net\/?s={search_term_string}"},"query-input":{"@type":"PropertyValueSpecification","valueRequired":true,"valueName":"search_term_string"}}],"inLanguage":"fr-FR"},{"@type":"Organization","@id":"https:\/\/wheelcome.net\/#organization","name":"Wheelcome","url":"https:\/\/wheelcome.net\/","logo":{"@type":"ImageObject","inLanguage":"fr-FR","@id":"https:\/\/wheelcome.net\/#\/schema\/logo\/image\/","url":"https:\/\/wheelcome.net\/wp-content\/uploads\/2022\/07\/cropped-logo-wheelcome-1.png","contentUrl":"https:\/\/wheelcome.net\/wp-content\/uploads\/2022\/07\/cropped-logo-wheelcome-1.png","width":1080,"height":1080,"caption":"Wheelcome"},"image":{"@id":"https:\/\/wheelcome.net\/#\/schema\/logo\/image\/"}},{"@type":"Person","@id":"https:\/\/wheelcome.net\/#\/schema\/person\/a53109d0a00bd6770f7bc0c8e68e2e17","name":"wheelcome","image":{"@type":"ImageObject","inLanguage":"fr-FR","@id":"https:\/\/wheelcome.net\/#\/schema\/person\/image\/","url":"https:\/\/secure.gravatar.com\/avatar\/625e891e4addbda3431e85845827bfe8d2a2a5af91400f49d3751459a4f5b4f3?s=96&d=mm&r=g","contentUrl":"https:\/\/secure.gravatar.com\/avatar\/625e891e4addbda3431e85845827bfe8d2a2a5af91400f49d3751459a4f5b4f3?s=96&d=mm&r=g","caption":"wheelcome"},"url":"https:\/\/wheelcome.net\/index.php\/author\/wheelcome\/"}]}},"_links":{"self":[{"href":"https:\/\/wheelcome.net\/index.php\/wp-json\/wp\/v2\/posts\/609","targetHints":{"allow":["GET"]}}],"collection":[{"href":"https:\/\/wheelcome.net\/index.php\/wp-json\/wp\/v2\/posts"}],"about":[{"href":"https:\/\/wheelcome.net\/index.php\/wp-json\/wp\/v2\/types\/post"}],"author":[{"embeddable":true,"href":"https:\/\/wheelcome.net\/index.php\/wp-json\/wp\/v2\/users\/2"}],"replies":[{"embeddable":true,"href":"https:\/\/wheelcome.net\/index.php\/wp-json\/wp\/v2\/comments?post=609"}],"version-history":[{"count":1,"href":"https:\/\/wheelcome.net\/index.php\/wp-json\/wp\/v2\/posts\/609\/revisions"}],"predecessor-version":[{"id":611,"href":"https:\/\/wheelcome.net\/index.php\/wp-json\/wp\/v2\/posts\/609\/revisions\/611"}],"wp:featuredmedia":[{"embeddable":true,"href":"https:\/\/wheelcome.net\/index.php\/wp-json\/wp\/v2\/media\/610"}],"wp:attachment":[{"href":"https:\/\/wheelcome.net\/index.php\/wp-json\/wp\/v2\/media?parent=609"}],"wp:term":[{"taxonomy":"category","embeddable":true,"href":"https:\/\/wheelcome.net\/index.php\/wp-json\/wp\/v2\/categories?post=609"},{"taxonomy":"post_tag","embeddable":true,"href":"https:\/\/wheelcome.net\/index.php\/wp-json\/wp\/v2\/tags?post=609"}],"curies":[{"name":"wp","href":"https:\/\/api.w.org\/{rel}","templated":true}]}}